{"id":33397,"date":"2021-03-23T09:10:25","date_gmt":"2021-03-23T08:10:25","guid":{"rendered":"https:\/\/iseki.cz\/?p=33397"},"modified":"2021-03-23T09:10:25","modified_gmt":"2021-03-23T08:10:25","slug":"cesky-sever-vsadil-na-dalny-vychod","status":"publish","type":"post","link":"https:\/\/iseki.sk\/?p=33397","title":{"rendered":"\u010cesk\u00fd sever vsadil na D\u00e1ln\u00fd v\u00fdchod"},"content":{"rendered":"<p class=\"detail__annotation\">Pomysln\u00fdm titulem nejsevern\u011bji polo\u017een\u00e9ho m\u011bsta v \u010cR se m\u016f\u017ee pochlubit \u0160luknov se zhruba 5500 obyvateli. Najdeme ho v \u00dasteck\u00e9m kraji, okresu D\u011b\u010d\u00edn. \u010cistotu a \u00fadr\u017ebu tady maj\u00ed na starosti Technick\u00e9 slu\u017eby \u0160luknov, s. r. o., podnik ve 100% majetku m\u011bsta.<\/p>\n\n<div class=\"at-above-post addthis_tool\" data-url=\"https:\/\/www.komunalweb.cz\/cesky-sever-vsadil-na-dalny-vychod\/\"><\/div>\nP\u0159ijeli jsme si sem posv\u00edtit p\u0159edev\u0161\u00edm na techniku pro \u00fadr\u017ebu zelen\u011b s\u00a0hlavn\u00edm c\u00edlem na\u010derpat praktick\u00e9 zku\u0161enosti od obsluhy, kter\u00e9 by mohly pomoci p\u0159i rozhodov\u00e1n\u00ed potenci\u00e1ln\u00edm u\u017eivatel\u016fm t\u011bchto nebo podobn\u00fdch stroj\u016f. Jak se to poda\u0159ilo, posu\u010fte sami.\n\n<strong>Pestr\u00fd v\u00fd\u010det prac\u00ed<\/strong>\n\n\u201ePro m\u011bsto \u0160luknov zaji\u0161\u0165uje na\u0161ich 30 zam\u011bstnanc\u016f komplexn\u00ed pr\u00e1ce. N\u011bkter\u00e9 vykon\u00e1v\u00e1me pravideln\u011b, jin\u00e9 podle aktu\u00e1ln\u00edch po\u017eadavk\u016f. Jedn\u00e1 se p\u0159edev\u0161\u00edm o ve\u0161kerou \u00fadr\u017ebu zelen\u011b v\u010detn\u011b pro\u0159ez\u00e1v\u00e1n\u00ed a k\u00e1cen\u00ed strom\u016f. V\u00fdznamnou slo\u017ekou na\u0161\u00ed \u010dinnosti je celoro\u010dn\u00ed \u00faklid chodn\u00edk\u016f, komunikac\u00ed a ve\u0159ejn\u00fdch prostranstv\u00ed. V\u00a0gesci m\u00e1me odpadov\u00e9 hospod\u00e1\u0159stv\u00ed. Provozujeme sb\u011brn\u00fd dv\u016fr, p\u0159ekladi\u0161t\u011b odpad\u016f a vlastn\u00ed kompost\u00e1rnu. Sv\u00e1\u017e\u00edme nejenom obsah m\u011bstsk\u00fdch odpadkov\u00fdch ko\u0161\u016f, ale i komun\u00e1ln\u00ed odpad a bioodpad s\u00a0pomoc\u00ed vlastn\u00edch prost\u0159edk\u016f. D\u00e1le mohu jmenovat drobn\u00e9 stavebn\u00ed a zemn\u00ed pr\u00e1ce, p\u0159epravu r\u016fzn\u00e9ho materi\u00e1lu, \u00fadr\u017ebu a opravy komunikac\u00ed, p\u00e9\u010di o kan\u00e1lov\u00e9 vpusti, ve\u0159ejn\u00e9 osv\u011btlen\u00ed, spr\u00e1vu mobili\u00e1\u0159e a\u017e t\u0159eba po vy\u010derp\u00e1v\u00e1n\u00ed obsahu j\u00edmek. Ve spr\u00e1v\u011b m\u00e1me dva h\u0159bitovy a sportovn\u00ed are\u00e1l v\u010detn\u011b dvou fotbalov\u00fdch h\u0159i\u0161\u0165. Pokud m\u00e1me voln\u00e9 kapacity, m\u016f\u017eeme je nab\u00eddnout i dal\u0161\u00edm z\u00e1jemc\u016fm,\u201c vysv\u011btlil jednatel Technick\u00fdch slu\u017eeb \u0160luknov Luk\u00e1\u0161 Jane\u010dek a pokra\u010doval:\n\n\u201eV souvislosti s\u00a0koronavirovou pandemi\u00ed pon\u011bkud ubyl probl\u00e9m s\u00a0nedostatkem pracovn\u00edch sil, hlavn\u011b t\u011bch pro manu\u00e1ln\u00ed pr\u00e1ce. Kvalifikovan\u00fdch zam\u011bstnanc\u016f se to tolik net\u00fdk\u00e1. Ty mus\u00edte tak\u00e9 n\u00e1le\u017eit\u011b zaplatit a nedostatek finan\u010dn\u00edch prost\u0159edk\u016f je podle m\u011b obecn\u00fd probl\u00e9m podnik\u016f technick\u00fdch slu\u017eeb.\u201c\n\n<strong>Sb\u00edraj\u00ed i mul\u010duj\u00ed<\/strong>\n\nCo se t\u00fdk\u00e1 \u00fadr\u017eby zelen\u011b, \u0159\u00edd\u00ed se Technick\u00e9 slu\u017eby \u0160luknov detailn\u011b zpracovan\u00fdm seznamem parcel (pro snaz\u0161\u00ed orientaci obsluhy \u017eac\u00ed techniky nejen s\u00a0\u010d\u00edsly, ale i m\u00edstn\u00edmi n\u00e1zvy), kter\u00fd stanovuje zp\u016fsob jejich \u00fadr\u017eby (sek\u00e1n\u00ed se sb\u011brem nebo mul\u010dov\u00e1n\u00ed) a frekvenc\u00ed jednotliv\u00fdch se\u010d\u00ed \u2013 samoz\u0159ejm\u011b s\u00a0mo\u017enost\u00ed odchylek v\u00a0souvislosti s\u00a0aktu\u00e1ln\u00edmi klimatick\u00fdmi podm\u00ednkami a r\u016fstem tr\u00e1vy. Celkov\u00e1 plocha zelen\u011b k\u00a0\u00fadr\u017eb\u011b je ve \u0160luknov\u011b 259\u00a0776 m<sup>2<\/sup>, k\u00a0tomu je nutno p\u0159i\u010d\u00edst je\u0161t\u011b 52\u00a0960 m<sup>2<\/sup>\u00a0krajnic. Pom\u011br mezi sek\u00e1n\u00edm se sb\u011brem a mul\u010dov\u00e1n\u00edm je zhruba p\u016fl na p\u016fl.\n\nPodle jednatele Jane\u010dka se v\u00a0posledn\u00ed dob\u011b st\u00e1le v\u00edc prosazuje ve m\u011bst\u011b mul\u010dov\u00e1n\u00ed. Pokud se k\u00a0tomuto zp\u016fsobu \u00fadr\u017eby zelen\u011b p\u0159istupuje pravideln\u011b, nehromad\u00ed se na povrchu nevzhledn\u00e9 chuchvalce tr\u00e1vy. Rozm\u011bln\u011bn\u00e9 zbytky posekan\u00e9 hmoty chr\u00e1n\u00ed porost proti slune\u010dn\u00edmu z\u00e1\u0159en\u00ed, zamezuj\u00ed odparu vody a v\u00a0kone\u010dn\u00e9m d\u016fsledku slou\u017e\u00ed jako p\u0159\u00edrodn\u00ed hnojivo.\n\nNa sek\u00e1n\u00ed se sb\u011brem pou\u017e\u00edvaj\u00ed Technick\u00e9 slu\u017eby \u0160luknov ji\u017e del\u0161\u00ed dobu kompaktn\u00ed traktor japonsk\u00e9 v\u00fdroby Iseki TXG 23. Mohou s n\u00edm tak\u00e9 mul\u010dovat s bo\u010dn\u011b agregovan\u00fdm n\u00e1stavcem Humus. K mul\u010dov\u00e1n\u00ed tady slou\u017e\u00ed pom\u011brn\u011b dlouhou dobu d\u00e1lkov\u011b ovl\u00e1dan\u00fd svahov\u00fd \u017eac\u00ed stroj Spider, nejv\u00fdkonn\u011bj\u0161\u00ed model ILD02. Vzhledem k tomu, \u017ee je ji\u017e na hranici pou\u017eitelnost, jako n\u00e1hradu si ve \u0160luknov\u011b letos v kv\u011btnu zakoupili dal\u0161\u00edho \u201eJaponce\u201c, tedy z\u00e1stupce v titulku uveden\u00e9ho D\u00e1ln\u00e9ho v\u00fdchodu \u2013 mul\u010dovac\u00ed traktor Orec RM982F ur\u010den\u00fd pro pr\u00e1ci v obt\u00ed\u017en\u00fdch podm\u00ednk\u00e1ch. Kone\u010dn\u011b na n\u011bkter\u00e9 okrajov\u00e9 plochy a m\u00edsta pobl\u00ed\u017e p\u0159ek\u00e1\u017eek, kam se uveden\u00e1 technika nedostane, mus\u00ed nastoupit parta lid\u00ed s k\u0159ovino\u0159ezy, pro absolutn\u00ed do\u010di\u0161t\u011bn\u00ed povrchu pop\u0159\u00edpad\u011b i s fukary.*\n\n<em><strong>(Podrobnosti v Komun\u00e1ln\u00ed technice 8\/2020)\n<\/strong><\/em>\n\nzdroj: <a href=\"http:\/\/www.komunalweb.cz\/cesky-sever-vsadil-na-dalny-vychod\/\">https:\/\/www.komunalweb.cz\/cesky-sever-vsadil-na-dalny-vychod\/<\/a>\n\n&nbsp;\n\n<a href=\"https:\/\/iseki.sk\/wp-content\/uploads\/2021\/03\/Napsali-01-2-1.jpg\"><img loading=\"lazy\" decoding=\"async\" width=\"300\" height=\"200\" class=\"alignnone size-medium wp-image-33399\" src=\"https:\/\/iseki.sk\/wp-content\/uploads\/2021\/03\/Napsali-01-2-1-300x200.jpg\" alt=\"\" srcset=\"https:\/\/iseki.sk\/wp-content\/uploads\/2021\/03\/Napsali-01-2-1-300x200.jpg 300w, https:\/\/iseki.sk\/wp-content\/uploads\/2021\/03\/Napsali-01-2-1-768x512.jpg 768w, https:\/\/iseki.sk\/wp-content\/uploads\/2021\/03\/Napsali-01-2-1.jpg 900w\" sizes=\"auto, (max-width: 300px) 100vw, 300px\" \/><\/a>","protected":false},"excerpt":{"rendered":"<p>VIII\/20 | Na sek\u00e1n\u00ed se sb\u011brem pou\u017e\u00edvaj\u00ed Technick\u00e9 slu\u017eby \u0160luknov ji\u017e del\u0161\u00ed dobu kompaktn\u00ed traktor japonsk\u00e9 v\u00fdroby Iseki TXG 23.<\/p>\n","protected":false},"author":1,"featured_media":33398,"comment_status":"open","ping_status":"open","sticky":false,"template":"","format":"standard","meta":{"inline_featured_image":false,"footnotes":""},"categories":[158],"tags":[],"class_list":["post-33397","post","type-post","status-publish","format-standard","has-post-thumbnail","hentry","category-napsali-o-nas"],"_links":{"self":[{"href":"https:\/\/iseki.sk\/index.php?rest_route=\/wp\/v2\/posts\/33397","targetHints":{"allow":["GET"]}}],"collection":[{"href":"https:\/\/iseki.sk\/index.php?rest_route=\/wp\/v2\/posts"}],"about":[{"href":"https:\/\/iseki.sk\/index.php?rest_route=\/wp\/v2\/types\/post"}],"author":[{"embeddable":true,"href":"https:\/\/iseki.sk\/index.php?rest_route=\/wp\/v2\/users\/1"}],"replies":[{"embeddable":true,"href":"https:\/\/iseki.sk\/index.php?rest_route=%2Fwp%2Fv2%2Fcomments&post=33397"}],"version-history":[{"count":0,"href":"https:\/\/iseki.sk\/index.php?rest_route=\/wp\/v2\/posts\/33397\/revisions"}],"wp:featuredmedia":[{"embeddable":true,"href":"https:\/\/iseki.sk\/index.php?rest_route=\/wp\/v2\/media\/33398"}],"wp:attachment":[{"href":"https:\/\/iseki.sk\/index.php?rest_route=%2Fwp%2Fv2%2Fmedia&parent=33397"}],"wp:term":[{"taxonomy":"category","embeddable":true,"href":"https:\/\/iseki.sk\/index.php?rest_route=%2Fwp%2Fv2%2Fcategories&post=33397"},{"taxonomy":"post_tag","embeddable":true,"href":"https:\/\/iseki.sk\/index.php?rest_route=%2Fwp%2Fv2%2Ftags&post=33397"}],"curies":[{"name":"wp","href":"https:\/\/api.w.org\/{rel}","templated":true}]}}