{"id":33405,"date":"2021-03-23T09:00:21","date_gmt":"2021-03-23T08:00:21","guid":{"rendered":"https:\/\/iseki.cz\/?p=33405"},"modified":"2021-03-23T09:00:21","modified_gmt":"2021-03-23T08:00:21","slug":"s-novym-strediskem-blize-k-potrebam-uzivatelu-techniky","status":"publish","type":"post","link":"https:\/\/iseki.sk\/?p=33405","title":{"rendered":"S nov\u00fdm st\u0159ediskem bl\u00ed\u017ee k pot\u0159eb\u00e1m u\u017eivatel\u016f techniky"},"content":{"rendered":"<p class=\"detail__annotation\">Zhruba p\u0159ed t\u0159emi roky z\u0159\u00eddila spole\u010dnost Eurogreen CZ nov\u00e9 z\u00e1zem\u00ed prodejn\u00edho a servisn\u00edho st\u0159ediska v Havl\u00ed\u010dkov\u011b Brod\u011b. Prostory st\u0159ediska slou\u017e\u00ed nejen jako sklad p\u0159edv\u00e1d\u011bc\u00edch stroj\u016f pro region. Vybudov\u00e1no bylo i servisn\u00ed pracovi\u0161t\u011b se skladem n\u00e1hradn\u00edch d\u00edl\u016f a n\u011bkter\u00e9 zna\u010dky z \u0161irok\u00e9ho sortimentu nab\u00edzen\u00e9 techniky zde maj\u00ed i sv\u00e9 obchodn\u00ed z\u00e1stupce.<\/p>\n\n<div class=\"at-above-post addthis_tool\" data-url=\"https:\/\/www.komunalweb.cz\/s-novym-strediskem-blize-k-potrebam-uzivatelu-techniky\/\"><\/div>\n\u201eZ\u00e1kladn\u00ed d\u016fvody k\u00a0vybudov\u00e1n\u00ed nov\u00e9ho st\u0159ediska byly prakticky dva. T\u00edm prvn\u00edm bylo v\u011bt\u0161\u00ed p\u0159ibl\u00ed\u017een\u00ed k\u00a0na\u0161im z\u00e1kazn\u00edk\u016fm i obchodn\u00edm z\u00e1stupc\u016fm v\u00a0regionech v\u00fdchodn\u00edch \u010cech, na Morav\u011b i Slovensku, jeliko\u017e vyu\u017e\u00edvaj\u00ed p\u0159edv\u00e1d\u011bc\u00ed stroje uskladn\u011bn\u00e9 pr\u00e1v\u011b v\u00a0Havl\u00ed\u010dkov\u011b Brod\u011b. Druh\u00fdm d\u016fvodem byl fakt, \u017ee skladovac\u00ed a mont\u00e1\u017en\u00ed kapacity na\u0161eho st\u0159ediska v\u00a0Ji\u0159et\u00edn\u011b pod Jedlovou ji\u017e p\u0159est\u00e1valy sta\u010dit, a tak bylo nutn\u00e9 tuto situaci \u0159e\u0161it. Nav\u00edc se sortiment techniky nab\u00edzen\u00fd spole\u010dnost\u00ed Eurogreen CZ postupn\u011b rozrostl o produkty dal\u0161\u00edch zna\u010dek a n\u011bkter\u00e9 z\u00a0nich nem\u011bly v\u00a0obchodn\u00ed s\u00edti na\u0161ich prodejc\u016f zastoupen\u00ed. Jsou tedy prod\u00e1v\u00e1ny p\u0159\u00edmo z\u00a0Ji\u0159et\u00edna a Havl\u00ed\u010dkova Brodu,\u201c vysv\u011btluje vedouc\u00ed prodeje techniky spole\u010dnosti Eurogreen CZ Ing. Ond\u0159ej \u0160afr\u00e1nek.\n\n<strong>\u00a0<\/strong><strong>T\u00e9\u017e prodej stroj\u016f vybran\u00fdch zna\u010dek<\/strong>\n\nV\u00a0Havl\u00ed\u010dkov\u011b Brod\u011b prob\u00edh\u00e1, stejn\u011b jako v\u00a0Ji\u0159et\u00edn\u011b pod Jedlovou, kompletace importovan\u00fdch stroj\u016f Iseki, kter\u00e9 pat\u0159\u00ed k\u00a0z\u00e1kladn\u00edm stavebn\u00edm kamen\u016fm sortimentu firmy Eurogreen CZ. \u201eTechnika Iseki je v\u00a0\u010cesk\u00e9 republice distribuov\u00e1na prost\u0159ednictv\u00edm vybudovan\u00e9 pom\u011brn\u011b hust\u00e9 obchodn\u00ed s\u00edt\u011b, ale n\u011bkter\u00e9 dal\u0161\u00ed zna\u010dky do t\u00e9to s\u00edt\u011b zahrnuty nejsou. Jde nap\u0159\u00edklad o bubnov\u00e9 t\u0159\u00eddi\u010de Zemmler, elektromobily a mul\u010dovac\u00ed techniku Orec, kterou m\u00e1me ve sv\u00e9m portfoliu od roku 2016. Pr\u00e1v\u011b zmi\u0148ovan\u00e9 produkty budou nab\u00edzeny a pochopiteln\u011b i servisov\u00e1ny p\u0159\u00edmo z\u00a0Havl\u00ed\u010dkova Brodu prost\u0159ednictv\u00edm dvou obchodn\u00edch z\u00e1stupc\u016f a dvou mont\u00e1\u017en\u00edch servisn\u00edch technik\u016f,\u201c up\u0159es\u0148uje Ond\u0159ej \u0160afr\u00e1nek.*\n\n<em>V\u00edce v \u010dasopisu Komun\u00e1ln\u00ed technika 1\/2020.<\/em>\n\n&nbsp;\n\nzdroj: <a href=\"http:\/\/www.komunalweb.cz\/s-novym-strediskem-blize-k-potrebam-uzivatelu-techniky\/\">https:\/\/www.komunalweb.cz\/s-novym-strediskem-blize-k-potrebam-uzivatelu-techniky\/<\/a>\n\n&nbsp;\n\n<a href=\"https:\/\/iseki.sk\/wp-content\/uploads\/2021\/03\/Napsali-02-2-1.jpg\"><img loading=\"lazy\" decoding=\"async\" width=\"300\" height=\"200\" class=\"alignnone size-medium wp-image-33407\" src=\"https:\/\/iseki.sk\/wp-content\/uploads\/2021\/03\/Napsali-02-2-1-300x200.jpg\" alt=\"\" srcset=\"https:\/\/iseki.sk\/wp-content\/uploads\/2021\/03\/Napsali-02-2-1-300x200.jpg 300w, https:\/\/iseki.sk\/wp-content\/uploads\/2021\/03\/Napsali-02-2-1-768x512.jpg 768w, https:\/\/iseki.sk\/wp-content\/uploads\/2021\/03\/Napsali-02-2-1.jpg 900w\" sizes=\"auto, (max-width: 300px) 100vw, 300px\" \/><\/a> <a href=\"https:\/\/iseki.sk\/wp-content\/uploads\/2021\/03\/Napsali-02-5-1.jpg\"><img loading=\"lazy\" decoding=\"async\" width=\"300\" height=\"200\" class=\"alignnone size-medium wp-image-33410\" src=\"https:\/\/iseki.sk\/wp-content\/uploads\/2021\/03\/Napsali-02-5-1-300x200.jpg\" alt=\"\" srcset=\"https:\/\/iseki.sk\/wp-content\/uploads\/2021\/03\/Napsali-02-5-1-300x200.jpg 300w, https:\/\/iseki.sk\/wp-content\/uploads\/2021\/03\/Napsali-02-5-1-768x512.jpg 768w, https:\/\/iseki.sk\/wp-content\/uploads\/2021\/03\/Napsali-02-5-1.jpg 900w\" sizes=\"auto, (max-width: 300px) 100vw, 300px\" \/><\/a> <a href=\"https:\/\/iseki.sk\/wp-content\/uploads\/2021\/03\/Napsali-02-4-1.jpg\"><img loading=\"lazy\" decoding=\"async\" width=\"300\" height=\"200\" class=\"alignnone size-medium wp-image-33409\" src=\"https:\/\/iseki.sk\/wp-content\/uploads\/2021\/03\/Napsali-02-4-1-300x200.jpg\" alt=\"\" srcset=\"https:\/\/iseki.sk\/wp-content\/uploads\/2021\/03\/Napsali-02-4-1-300x200.jpg 300w, https:\/\/iseki.sk\/wp-content\/uploads\/2021\/03\/Napsali-02-4-1-768x512.jpg 768w, https:\/\/iseki.sk\/wp-content\/uploads\/2021\/03\/Napsali-02-4-1.jpg 900w\" sizes=\"auto, (max-width: 300px) 100vw, 300px\" \/><\/a> <a href=\"https:\/\/iseki.sk\/wp-content\/uploads\/2021\/03\/Napsali-02-3-1.jpg\"><img loading=\"lazy\" decoding=\"async\" width=\"300\" height=\"200\" class=\"alignnone size-medium wp-image-33408\" src=\"https:\/\/iseki.sk\/wp-content\/uploads\/2021\/03\/Napsali-02-3-1-300x200.jpg\" alt=\"\" srcset=\"https:\/\/iseki.sk\/wp-content\/uploads\/2021\/03\/Napsali-02-3-1-300x200.jpg 300w, https:\/\/iseki.sk\/wp-content\/uploads\/2021\/03\/Napsali-02-3-1-768x512.jpg 768w, https:\/\/iseki.sk\/wp-content\/uploads\/2021\/03\/Napsali-02-3-1.jpg 900w\" sizes=\"auto, (max-width: 300px) 100vw, 300px\" \/><\/a>","protected":false},"excerpt":{"rendered":"<p> I\/20 | Zhruba p\u0159ed t\u0159emi roky z\u0159\u00eddila spole\u010dnost Eurogreen CZ nov\u00e9 z\u00e1zem\u00ed prodejn\u00edho a servisn\u00edho st\u0159ediska v Havl\u00ed\u010dkov\u011b Brod\u011b.<\/p>\n","protected":false},"author":1,"featured_media":33406,"comment_status":"open","ping_status":"open","sticky":false,"template":"","format":"standard","meta":{"inline_featured_image":false,"footnotes":""},"categories":[158],"tags":[],"class_list":["post-33405","post","type-post","status-publish","format-standard","has-post-thumbnail","hentry","category-napsali-o-nas"],"_links":{"self":[{"href":"https:\/\/iseki.sk\/index.php?rest_route=\/wp\/v2\/posts\/33405","targetHints":{"allow":["GET"]}}],"collection":[{"href":"https:\/\/iseki.sk\/index.php?rest_route=\/wp\/v2\/posts"}],"about":[{"href":"https:\/\/iseki.sk\/index.php?rest_route=\/wp\/v2\/types\/post"}],"author":[{"embeddable":true,"href":"https:\/\/iseki.sk\/index.php?rest_route=\/wp\/v2\/users\/1"}],"replies":[{"embeddable":true,"href":"https:\/\/iseki.sk\/index.php?rest_route=%2Fwp%2Fv2%2Fcomments&post=33405"}],"version-history":[{"count":0,"href":"https:\/\/iseki.sk\/index.php?rest_route=\/wp\/v2\/posts\/33405\/revisions"}],"wp:featuredmedia":[{"embeddable":true,"href":"https:\/\/iseki.sk\/index.php?rest_route=\/wp\/v2\/media\/33406"}],"wp:attachment":[{"href":"https:\/\/iseki.sk\/index.php?rest_route=%2Fwp%2Fv2%2Fmedia&parent=33405"}],"wp:term":[{"taxonomy":"category","embeddable":true,"href":"https:\/\/iseki.sk\/index.php?rest_route=%2Fwp%2Fv2%2Fcategories&post=33405"},{"taxonomy":"post_tag","embeddable":true,"href":"https:\/\/iseki.sk\/index.php?rest_route=%2Fwp%2Fv2%2Ftags&post=33405"}],"curies":[{"name":"wp","href":"https:\/\/api.w.org\/{rel}","templated":true}]}}