{"id":33447,"date":"2021-03-23T09:05:16","date_gmt":"2021-03-23T08:05:16","guid":{"rendered":"https:\/\/iseki.cz\/?p=33447"},"modified":"2021-03-23T09:05:16","modified_gmt":"2021-03-23T08:05:16","slug":"historie-a-soucasnost-znacky-iseki-jeji-malotraktory-vydrzi-i-desitky-let-plne-funkcni","status":"publish","type":"post","link":"https:\/\/iseki.sk\/?p=33447","title":{"rendered":"Historie a sou\u010dasnost zna\u010dky Iseki"},"content":{"rendered":"<div class=\"range\">\n<div class=\"article-top margin3\">\n<h1>Historie a sou\u010dasnost zna\u010dky Iseki. Jej\u00ed malotraktory vydr\u017e\u00ed i des\u00edtky let pln\u011b funk\u010dn\u00ed<\/h1>\n<p class=\"anotation\">P\u0159\u00edrodn\u00ed podm\u00ednky v Japonsku kladou n\u00e1roky na kvalitu, funk\u010dnost a \u017eivotnost vyr\u00e1b\u011bn\u00fdch stroj\u016f. P\u0159\u00edmo\u0159sk\u00e9 vlhk\u00e9 klima, chladn\u00e9 zimn\u00ed m\u011bs\u00edce, velmi sva\u017eit\u00fd a \u010dlenit\u00fd ter\u00e9n prov\u011b\u0159\u00ed nejen lidsk\u00fd charakter, ale i stroje zde pou\u017e\u00edvan\u00e9. Nen\u00ed tedy n\u00e1hoda, \u017ee pr\u00e1v\u011b z Japonska poch\u00e1zej\u00ed ty nejpresti\u017en\u011bj\u0161\u00ed zna\u010dky, v\u010detn\u011b t\u011bch z oboru zem\u011bd\u011blsk\u00e9 techniky.<\/p>\n\n<\/div>\n<\/div>\n<div class=\"wrapper_left_liquid\">\n<div class=\"left\">\n<div id=\"wrapper_left-body\" class=\"wrapper_left-body margin3\">\n<div class=\"article-body\">\n\nNa p\u011bstebn\u00edch ploch\u00e1ch v Japonsku p\u0159evl\u00e1d\u00e1 produkce r\u00fd\u017ee, kter\u00e1 vedle dar\u016f mo\u0159e pat\u0159\u00ed mezi hlavn\u00ed potravinov\u00e9 zdroje m\u00edstn\u00edch obyvatel.\n\nJaponsk\u00e9 ostrovy jsou vulkanick\u00e9ho p\u016fvodu, proto zde nenalezneme mnoho n\u00ed\u017ein, ter\u00e9n je sp\u00ed\u0161e sva\u017eit\u00fd a\u017e hornat\u00fd. R\u00fd\u017ee ale vy\u017eaduje pro sv\u016fj r\u016fst zaplaven\u00ed pole vodou po v\u011bt\u0161inu vegeta\u010dn\u00edho obdob\u00ed. Tyto dva faktory nut\u00ed farm\u00e1\u0159e budovat men\u0161\u00ed, v\u011bt\u0161inou terasovit\u00e1 pol\u00ed\u010dka s d\u016fmysln\u00fdm syst\u00e9mem z\u00e1vlahy, kter\u00e1 byla do ned\u00e1vn\u00e9 minulosti obhospoda\u0159ov\u00e1na prakticky jen ru\u010dn\u011b, pop\u0159\u00edpad\u011b s pomoc\u00ed vodn\u00edch buvol\u016f.\n\nA\u017e v prvn\u00ed polovin\u011b 20. stolet\u00ed se za\u010daly uplat\u0148ovat prvn\u00ed mechaniza\u010dn\u00ed prost\u0159edky, nap\u0159\u00edklad motorov\u00e9 vodn\u00ed pumpy, slou\u017e\u00edc\u00ed pro snadn\u011bj\u0161\u00ed manipulaci s vodou, kter\u00e1 byla d\u0159\u00edve p\u0159e\u010derp\u00e1v\u00e1na mechanick\u00fdmi \u201eml\u00fdnky\u201c poh\u00e1n\u011bn\u00fdmi lidskou silou.\n\nPo 2. sv\u011btov\u00e9 v\u00e1lce, vzhledem k velk\u00fdm lidsk\u00fdm ztr\u00e1t\u00e1m na \u017eivotech, a t\u00edm p\u00e1dem men\u0161\u00edmu po\u010dtu akceschopn\u00fdch pracovn\u00edk\u016f, za\u010daly p\u0159ib\u00fdvat sofistikovan\u011bj\u0161\u00ed n\u00e1stroje a mechanizace. Na men\u0161\u00edch ploch\u00e1ch nach\u00e1zely vyu\u017eit\u00ed hlavn\u011b jednoos\u00e9 \u201etraktory\u201c&#8211; kultiv\u00e1tory, postupem \u010dasu pak i ty dvouos\u00e9.\n<h1>Iseki<\/h1>\nJaponsk\u00e1 zna\u010dka zem\u011bd\u011blsk\u00fdch a komun\u00e1ln\u00edch stroj\u016f Iseki byla zalo\u017eena v srpnu roku 1926 pobl\u00ed\u017e p\u0159\u00edstavn\u00edho m\u011bsta Matsuyama na ostrov\u011b \u0160ikoku. Od po\u010d\u00e1tku se spole\u010dnost orientovala na produkci drobn\u00e9 zem\u011bd\u011blsk\u00e9 mechanizace. K velk\u00e9mu r\u016fstu spole\u010dnosti doch\u00e1z\u00ed t\u011bsn\u011b po 2. sv\u011btov\u00e9 v\u00e1lce p\u0159i p\u0159\u00edle\u017eitosti rozvoje zem\u011bd\u011blsk\u00e9 v\u00fdroby na Japonsk\u00fdch ostrovech. Postupn\u011b se vyr\u00e1b\u00ed cel\u00e1 \u0159ada syst\u00e9m\u016f, p\u0159edev\u0161\u00edm pro p\u011bstov\u00e1n\u00ed r\u00fd\u017ee a zeleniny.\n<div align=\"center\">\n<div class=\"article-image\">\n\n<a title=\"Konec 60. let - \u0159ada traktor\u016f Iseki TS\" href=\"https:\/\/www.agroportal24h.cz\/images\/resized\/2020\/05\/1024x800-fit\/rada-traktoru-iseki-ts-konec-60-let.jpg\" rel=\"image-group\"><img decoding=\"async\" src=\"https:\/\/www.agroportal24h.cz\/images\/resized\/2020\/05\/350x-fit\/rada-traktoru-iseki-ts-konec-60-let.jpg\" alt=\"Konec 60. let - \u0159ada traktor\u016f Iseki TS\" border=\"0\" \/><\/a>\n<p style=\"text-align: left;\">Konec 60. let &#8211; \u0159ada traktor\u016f Iseki TS<\/p>\n\n<\/div>\n<\/div>\nV\u00fdvoj dvouos\u00fdch traktor\u016f prob\u00edhal, vzhledem k men\u0161\u00edm rozm\u011br\u016fm pol\u00ed\u010dek, prakticky od za\u010d\u00e1tku s d\u016frazem na co nejkompaktn\u011bj\u0161\u00ed rozm\u011bry. V prvn\u00ed f\u00e1zi v\u00fdvoje dvouos\u00fdch traktor\u016f spolupracovala spole\u010dnost Iseki s renomovan\u00fdm v\u00fdrobcem Porsche Diesel, na konci 60. let dokonce se Zetorem. Bahnit\u00e1 pol\u00ed\u010dka r\u00fd\u017eovi\u0161\u0165 v\u0161ak postupn\u011b donutila Iseki vyr\u00e1b\u011bt men\u0161\u00ed traktory s n\u00e1honem 4&#215;4 a maxim\u00e1ln\u011b odoln\u00e9 v extr\u00e9mn\u00edm provozu. Iseki se m\u016f\u017ee tak\u00e9 pochlubit prvenstv\u00edm v podob\u011b uveden\u00ed prvn\u00edho malotraktoru s pohonem 4&#215;4 v Evrop\u011b. Pro evropsk\u00e9 zem\u011b byly vyvinuty syst\u00e9my vhodn\u00e9 pro m\u00edstn\u00ed zem\u011bd\u011blstv\u00ed, postupem \u010dasu na\u0161ly vyu\u017eit\u00ed i v komun\u00e1ln\u00ed sf\u00e9\u0159e ve st\u00edsn\u011bn\u011bj\u0161\u00edch podm\u00ednk\u00e1ch m\u011bstsk\u00e9 zelen\u011b, ale i p\u0159i \u00fadr\u017eb\u011b zpevn\u011bn\u00fdch ploch.\n\nPr\u00e1v\u011b d\u016fraz na kompaktnost a maxim\u00e1ln\u00ed funk\u010dnost je i dnes sou\u010d\u00e1st\u00ed v\u00fdrobn\u00ed filozofie zna\u010dky Iseki.\n<div align=\"center\">\n<div class=\"article-image\">\n\n<a title=\"Iseki v licenci Porsche-Diesel\" href=\"https:\/\/www.agroportal24h.cz\/images\/resized\/2020\/05\/1024x800-fit\/iseki-v-licenci-porsche-diesel.jpg\" rel=\"image-group\"><img decoding=\"async\" src=\"https:\/\/www.agroportal24h.cz\/images\/resized\/2020\/05\/350x-fit\/iseki-v-licenci-porsche-diesel.jpg\" alt=\"Iseki v licenci Porsche-Diesel\" border=\"0\" \/><\/a>\n<div class=\"article-image-description\" style=\"text-align: left;\">Iseki v licenci Porsche-Diesel<\/div>\n<\/div>\n<\/div>\nStroje Iseki se st\u00e1le vyr\u00e1b\u00ed poctivou \u0159emeslnou v\u00fdrobou za pomoci t\u011bch nejmodern\u011bj\u0161\u00edch technologi\u00ed a v\u00fdrobn\u00edch n\u00e1stroj\u016f. V sou\u010dasn\u00e9 dob\u011b spole\u010dnost provozuje 5 v\u00fdrobn\u00edch z\u00e1vod\u016f, t\u0159i z nich v Japonsku (v\u00fdroba stroj\u016f a motor\u016f pro japonsk\u00fd, americk\u00fd a evropsk\u00fd trh) a po jednom v \u010c\u00edn\u011b (v\u00fdroba r\u00fd\u017eov\u00fdch speci\u00e1l\u016f v\u00fdhradn\u011b pro \u010d\u00ednsk\u00fd trh) a Indon\u00e9sii (v\u00fdroba farm\u00e1\u0159sk\u00fdch traktor\u016f prim\u00e1rn\u011b pro jihov\u00fdchodn\u00ed Asii).\n\nProdukce ka\u017ed\u00e9ho stroje za\u010d\u00edn\u00e1 v\u00fdrobou surov\u00e9ho \u017eeleza, kter\u00e9 je d\u00e1le zpracov\u00e1v\u00e1no do po\u017eadovan\u00fdch forem. S nads\u00e1zkou lze tedy \u0159\u00edci, \u017ee traktory Iseki vznikaj\u00ed do posledn\u00edho \u0161roubku ve vlastn\u00edm z\u00e1vod\u011b, co\u017e jde proti trend\u016fm sou\u010dasn\u00e9 globalizace. Ka\u017ed\u00fd traktor tak nese origin\u00e1ln\u00ed podpis zna\u010dky Iseki.\n<div align=\"center\">\n<div class=\"article-image\">\n\n<a title=\"Nejmen\u0161\u00ed \u0159ada traktor\u016f Iseki TM3185\" href=\"https:\/\/www.agroportal24h.cz\/images\/resized\/2020\/05\/1024x800-fit\/nejmensi-rada-traktoru-iseki-tm3185.jpg\" rel=\"image-group\"><img decoding=\"async\" src=\"https:\/\/www.agroportal24h.cz\/images\/resized\/2020\/05\/350x-fit\/nejmensi-rada-traktoru-iseki-tm3185.jpg\" alt=\"Nejmen\u0161\u00ed \u0159ada traktor\u016f Iseki TM3185\" border=\"0\" \/><\/a>\n<div class=\"article-image-description\" style=\"text-align: left;\">Nejmen\u0161\u00ed \u0159ada traktor\u016f Iseki TM3185<\/div>\n<\/div>\n<\/div>\nRovn\u011b\u017e origin\u00e1ln\u00ed motory jsou vyr\u00e1b\u011bny pod vlastn\u00ed st\u0159echou a pat\u0159\u00ed mezi absolutn\u00ed \u0161pi\u010dku v tomto segmentu stroj\u016f. Vynikaj\u00ed p\u0159edev\u0161\u00edm v\u00fdkonem, kter\u00e9ho dosahuj\u00ed v ni\u017e\u0161\u00edch ot\u00e1\u010dk\u00e1ch. Maxim\u00e1ln\u00ed ot\u00e1\u010dky jsou toti\u017e u motor\u016f Iseki nastaveny na pouh\u00fdch 2.600\/min. To znamen\u00e1 \u00faspory pohonn\u00fdch hmot, ni\u017e\u0161\u00ed hlu\u010dnost a opot\u0159eben\u00ed. V\u00fdsledkem jsou nejlep\u0161\u00ed, l\u00e9ty prov\u011b\u0159en\u00e9 malotraktory na trhu. Nen\u00ed proto v\u00fdjimkou, \u017ee dnes v bazarech b\u011b\u017en\u011b naleznete pln\u011b funk\u010dn\u00ed, v\u00edce ne\u017e 40 let star\u00e9 traktory Iseki.\n<h1>Odpov\u011bdnost a filosofie<\/h1>\nV roce 2021 spole\u010dnost ISEKI &amp; Co., Ltd. oslav\u00ed sv\u00e9 95. v\u00fdro\u010d\u00ed od zalo\u017een\u00ed. Prvotn\u00ed motto \u201eosvobozen\u00ed zem\u011bd\u011blc\u016f od vy\u010derp\u00e1vaj\u00edc\u00ed pr\u00e1ce\u201c se stalo z\u00e1kladn\u00edm kamenem spole\u010dnosti Iseki. Dne\u0161n\u00ed heslo spole\u010dnosti p\u0159itom zn\u00ed \u201eodpov\u011bdnost za budoucnost\u201c, \u010d\u00edm\u017e firma klade d\u016fraz na zodpov\u011bdn\u00fd p\u0159\u00edstup v\u00fdrobc\u016f p\u0159i v\u00fdvoji a tak\u00e9 samotn\u00e9 v\u00fdrob\u011b.\n\nKdy\u017e vezmeme v \u00favahu n\u00e1r\u016fst sv\u011btov\u00e9 populace, problematiku potravinov\u00e9 sob\u011bsta\u010dnosti, s t\u00edm spojenou pot\u0159ebu ochr\u00e1nit p\u016fdu v souvislosti s glob\u00e1ln\u00edmi environment\u00e1ln\u00edmi probl\u00e9my, hraje zem\u011bd\u011blstv\u00ed celosv\u011btov\u011b nejv\u00fdznamn\u011bj\u0161\u00ed roli.\n<div align=\"center\">\n<div class=\"article-image\">\n\n<a title=\"\u0158ada TH4000 - univerz\u00e1l pro zahradnick\u00e9 a zem\u011bd\u011blsk\u00e9 pr\u00e1ce\" href=\"https:\/\/www.agroportal24h.cz\/images\/resized\/2020\/05\/1024x800-fit\/univerzal-zahradnicke-zemedelske-prace-rada-th4000.JPG\" rel=\"image-group\"><img decoding=\"async\" src=\"https:\/\/www.agroportal24h.cz\/images\/resized\/2020\/05\/350x-fit\/univerzal-zahradnicke-zemedelske-prace-rada-th4000.JPG\" alt=\"\u0158ada TH4000 - univerz\u00e1l pro zahradnick\u00e9 a zem\u011bd\u011blsk\u00e9 pr\u00e1ce\" border=\"0\" \/><\/a>\n<div class=\"article-image-description\" style=\"text-align: left;\">\u0158ada TH4000 &#8211; univerz\u00e1l pro zahradnick\u00e9 a zem\u011bd\u011blsk\u00e9 pr\u00e1ce<\/div>\n<\/div>\n<\/div>\nI v na\u0161\u00ed zemi nar\u00e1\u017e\u00edme na nespr\u00e1vn\u00e9 zach\u00e1zen\u00ed s p\u016fdou, kter\u00e9 je d\u011bdictv\u00edm 2. poloviny minul\u00e9ho stolet\u00ed, je\u017e lze mimo jin\u00e9 charakterizovat absenc\u00ed men\u0161\u00edch rodinn\u00fdch zem\u011bd\u011blsk\u00fdch farem na \u00fakor agr\u00e1rn\u00edch korporac\u00ed. V\u011bt\u0161\u00ed fragmentace zem\u011bd\u011blsk\u00e9 krajiny spole\u010dn\u011b se spr\u00e1vn\u00fdm obhospoda\u0159ov\u00e1n\u00edm p\u016fdy je nutnost\u00ed pro zachov\u00e1n\u00ed jej\u00ed \u00farodnosti, zamezen\u00ed eroze a zadr\u017een\u00ed st\u00e1le vz\u00e1cn\u011bj\u0161\u00ed vody v na\u0161\u00ed krajin\u011b. V d\u016fsledku toho nab\u00fdv\u00e1 na d\u016fle\u017eitosti soci\u00e1ln\u00ed posl\u00e1n\u00ed v\u00fdrobc\u016f zem\u011bd\u011blsk\u00fdch stroj\u016f.\n<div align=\"center\">\n<div class=\"article-image\">\n\n<a title=\"Inovativn\u00ed \u0159ada Iseki TG6000\" href=\"https:\/\/www.agroportal24h.cz\/images\/resized\/2020\/05\/1024x800-fit\/inovativni-rada-iseki-tg6000ii.jpg\" rel=\"image-group\"><img decoding=\"async\" src=\"https:\/\/www.agroportal24h.cz\/images\/resized\/2020\/05\/350x-fit\/inovativni-rada-iseki-tg6000ii.jpg\" alt=\"Inovativn\u00ed \u0159ada Iseki TG6000\" border=\"0\" \/><\/a>\n<div class=\"article-image-description\" style=\"text-align: left;\">Inovativn\u00ed \u0159ada Iseki TG6000<\/div>\n<\/div>\n<\/div>\nPokud jde o ot\u00e1zky \u017eivotn\u00edho prost\u0159ed\u00ed, v\u010detn\u011b glob\u00e1ln\u00ed zm\u011bny klimatu, zavedla spole\u010dnost Iseki management v\u00fdroby orientovan\u00fd na recyklaci. Mezi takov\u00e9 snahy pat\u0159\u00ed implementace syst\u00e9mu environment\u00e1ln\u00edho managementu (EMS) v cel\u00e9 skupin\u011b Iseki.\n\nNa na\u0161em trhu nab\u00edz\u00ed Iseki malotraktory ur\u010den\u00e9 pr\u00e1v\u011b a p\u0159edev\u0161\u00edm men\u0161\u00edm farm\u00e1m rodinn\u00e9ho typu a d\u00e1le stroje speci\u00e1ln\u00ed, ur\u010den\u00e9 hlavn\u011b spr\u00e1vc\u016fm ve\u0159ejn\u00fdch ploch (komun\u00e1ln\u00ed technika). Z technick\u00e9ho hlediska nastavuje v\u00fdrobce Iseki sv\u00fdmi inovacemi \u010dasto m\u011b\u0159\u00edtka v tomto segmentu stroj\u016f. Traktory Iseki na \u010desk\u00fd trh dod\u00e1v\u00e1 spole\u010dnost EUROGREEN CZ s.r.o.\n<div align=\"center\">\n<div class=\"article-image\">\n\n<a title=\"Traktor Iseki TG6000\" href=\"https:\/\/www.agroportal24h.cz\/images\/resized\/2020\/05\/1024x800-fit\/iseki-traktor-tg6000.jpg\" rel=\"image-group\"><img decoding=\"async\" src=\"https:\/\/www.agroportal24h.cz\/images\/resized\/2020\/05\/350x-fit\/iseki-traktor-tg6000.jpg\" alt=\"Traktor Iseki TG6000\" border=\"0\" \/><\/a>\n<div class=\"article-image-description\" style=\"text-align: left;\">Traktor Iseki TG6000<\/div>\n<\/div>\n<\/div>\nZ nab\u00eddky farm\u00e1\u0159sk\u00fdch malotraktor\u016f si vybere ka\u017ed\u00fd. Nab\u00edzen\u00fd v\u00fdkon pokr\u00fdv\u00e1 spektrum od 15 do 60 Hp. Varianta klasick\u00e9 manu\u00e1ln\u00ed p\u0159evodovky, manu\u00e1lu s reverzem, automatick\u00e9 manu\u00e1ln\u00ed, pop\u0159\u00edpad\u011b hydrostatick\u00e9 p\u0159evodovky, zajist\u00ed spr\u00e1vn\u00fd v\u00fdb\u011br pro jakoukoliv pl\u00e1novanou \u010dinnost. Fin\u00e1ln\u00ed podobu a v\u00fdbavu ka\u017ed\u00e9ho stroje Iseki formuje s\u00e1m u\u017eivatel, v\u00fdrobce pak p\u0159i fin\u00e1ln\u00ed mont\u00e1\u017ei zakomponuje v\u0161e pot\u0159ebn\u00e9. Tento stavebnicov\u00fd syst\u00e9m zaru\u010duje maxim\u00e1ln\u00ed hospod\u00e1rnost vynalo\u017een\u00fdch prost\u0159edk\u016f. O bezprobl\u00e9mov\u00fd provoz stroj\u016f Iseki se pak staraj\u00ed pro\u0161kolen\u00ed region\u00e1ln\u00ed partne\u0159i po cel\u00e9 \u010cR, kte\u0159\u00ed zaji\u0161\u0165uj\u00ed poradenstv\u00ed, prodej a n\u00e1slednou z\u00e1kaznickou p\u00e9\u010di na profesion\u00e1ln\u00ed \u00farovni.\n\nV\u0161echny nab\u00edzen\u00e9 varianty techniky Iseki spl\u0148uj\u00ed ty nejp\u0159\u00edsn\u011bj\u0161\u00ed krit\u00e9ria kvality ve vztahu k \u017eivotn\u00edmu prost\u0159ed\u00ed i n\u00e1roky sou\u010dasn\u00e9ho i budouc\u00edho u\u017eivatele.\n\nzdroj:<a href=\"http:\/\/www.agroportal24h.cz\/clanky\/historie-a-soucasnost-znacky-iseki-jeji-malotraktory-vydrzi-i-desitky-let-plne-funkcni\"> https:\/\/www.agroportal24h.cz\/clanky\/historie-a-soucasnost-znacky-iseki-jeji-malotraktory-vydrzi-i-desitky-let-plne-funkcni<\/a>\n\n<\/div>\n<\/div>\n<\/div>\n<\/div>","protected":false},"excerpt":{"rendered":"<p>V\/20 | P\u0159\u00edrodn\u00ed podm\u00ednky v Japonsku kladou n\u00e1roky na kvalitu, funk\u010dnost a \u017eivotnost vyr\u00e1b\u011bn\u00fdch stroj\u016f.<\/p>\n","protected":false},"author":1,"featured_media":33448,"comment_status":"open","ping_status":"open","sticky":false,"template":"","format":"standard","meta":{"inline_featured_image":false,"footnotes":""},"categories":[158],"tags":[],"class_list":["post-33447","post","type-post","status-publish","format-standard","has-post-thumbnail","hentry","category-napsali-o-nas"],"_links":{"self":[{"href":"https:\/\/iseki.sk\/index.php?rest_route=\/wp\/v2\/posts\/33447","targetHints":{"allow":["GET"]}}],"collection":[{"href":"https:\/\/iseki.sk\/index.php?rest_route=\/wp\/v2\/posts"}],"about":[{"href":"https:\/\/iseki.sk\/index.php?rest_route=\/wp\/v2\/types\/post"}],"author":[{"embeddable":true,"href":"https:\/\/iseki.sk\/index.php?rest_route=\/wp\/v2\/users\/1"}],"replies":[{"embeddable":true,"href":"https:\/\/iseki.sk\/index.php?rest_route=%2Fwp%2Fv2%2Fcomments&post=33447"}],"version-history":[{"count":0,"href":"https:\/\/iseki.sk\/index.php?rest_route=\/wp\/v2\/posts\/33447\/revisions"}],"wp:featuredmedia":[{"embeddable":true,"href":"https:\/\/iseki.sk\/index.php?rest_route=\/wp\/v2\/media\/33448"}],"wp:attachment":[{"href":"https:\/\/iseki.sk\/index.php?rest_route=%2Fwp%2Fv2%2Fmedia&parent=33447"}],"wp:term":[{"taxonomy":"category","embeddable":true,"href":"https:\/\/iseki.sk\/index.php?rest_route=%2Fwp%2Fv2%2Fcategories&post=33447"},{"taxonomy":"post_tag","embeddable":true,"href":"https:\/\/iseki.sk\/index.php?rest_route=%2Fwp%2Fv2%2Ftags&post=33447"}],"curies":[{"name":"wp","href":"https:\/\/api.w.org\/{rel}","templated":true}]}}